{"id":911,"date":"2023-10-23T11:24:03","date_gmt":"2023-10-23T09:24:03","guid":{"rendered":"https:\/\/gechter.org\/blog\/?p=911"},"modified":"2023-10-23T11:24:37","modified_gmt":"2023-10-23T09:24:37","slug":"dans-les-jours-a-venir","status":"publish","type":"post","link":"https:\/\/gechter.org\/blog\/?p=911","title":{"rendered":"Dans les jours \u00e0 venir"},"content":{"rendered":"\n<p>Ca fait trois semaines que je n&rsquo;ai pas racont\u00e9 ma vie ici. Il faut que je me rattrape un peu avant le coup de bourre du mois d&rsquo;octobre.<\/p>\n\n\n\n<h3 class=\"wp-block-heading\">Paris Sciences 2023<\/h3>\n\n\n\n<p>Ce mois-ci d\u00e9marre<a href=\"https:\/\/pariscience.fr\/\" data-type=\"link\" data-id=\"https:\/\/pariscience.fr\/\"> le festival Paris Sciences, <\/a>dont je vous ai d\u00e9j\u00e0 parl\u00e9 <a href=\"https:\/\/gechter.org\/blog\/?p=887\" data-type=\"link\" data-id=\"https:\/\/gechter.org\/blog\/?p=887\">il y a quelques jours<\/a>. Je figure dans le jury Cin\u00e9ma documentaire et j&rsquo;aurais le plaisir de rencontrer mes paires et la directrice du festival dans un d\u00eener de d\u00e9lib\u00e9ration, vendredi 27. Je d\u00e9fendrai mes deux favoris avec opini\u00e2tret\u00e9.<\/p>\n\n\n\n<h3 class=\"wp-block-heading\">Utopiales de Nantes<\/h3>\n\n\n\n<p>J&rsquo;encha\u00eenerai avec les <a href=\"https:\/\/www.utopiales.org\/guest\/olivier-gechter\/\">Utopiales de Nantes<\/a> du 1er au 5 novembre. Je participerai \u00e0 4 tables rondes :<\/p>\n\n\n\n<figure class=\"wp-block-image size-large\"><img data-recalc-dims=\"1\" loading=\"lazy\" decoding=\"async\" width=\"1024\" height=\"310\" src=\"https:\/\/i0.wp.com\/gechter.org\/blog\/wp-content\/uploads\/2023\/10\/2023-10-23-11_06_32-Olivier-Gechter-Les-Utopiales.png?resize=1024%2C310&#038;ssl=1\" alt=\"\" class=\"wp-image-912\" srcset=\"https:\/\/i0.wp.com\/gechter.org\/blog\/wp-content\/uploads\/2023\/10\/2023-10-23-11_06_32-Olivier-Gechter-Les-Utopiales.png?resize=1024%2C310&amp;ssl=1 1024w, https:\/\/i0.wp.com\/gechter.org\/blog\/wp-content\/uploads\/2023\/10\/2023-10-23-11_06_32-Olivier-Gechter-Les-Utopiales.png?resize=300%2C91&amp;ssl=1 300w, https:\/\/i0.wp.com\/gechter.org\/blog\/wp-content\/uploads\/2023\/10\/2023-10-23-11_06_32-Olivier-Gechter-Les-Utopiales.png?resize=768%2C233&amp;ssl=1 768w, https:\/\/i0.wp.com\/gechter.org\/blog\/wp-content\/uploads\/2023\/10\/2023-10-23-11_06_32-Olivier-Gechter-Les-Utopiales.png?w=1267&amp;ssl=1 1267w\" sizes=\"auto, (max-width: 1024px) 100vw, 1024px\" \/><\/figure>\n\n\n\n<p>J&rsquo;animerai Vampire, Future ou no Future, vendredi 3 novembre  \u00e0 9h15, et Cabin in the Wood, le m\u00eame jour \u00e0 17h30. Je d\u00e9dicacerai jeudi 2 et vendredi 3 \u00e0 10h30 \u00e0 la Librairie du festival.<\/p>\n\n\n\n<h3 class=\"wp-block-heading\">Timeworld Paris 2023<\/h3>\n\n\n\n<p>Le 17 novembre \u00e0 11h30, je donnerai un petit expos\u00e9 de l&rsquo;histoire de la th\u00e9orie atomiste \u00e0 travers les \u00e2ges, a<a href=\"https:\/\/timeworldevent.com\/5\/infos-pratiques\/\" data-type=\"link\" data-id=\"https:\/\/timeworldevent.com\/5\/infos-pratiques\/\">u Conservatoire des Arts et M\u00e9tiers \u00e0 Paris<\/a>. Je compte mettre en valeur la transmission entre les scientifiques et entre les g\u00e9n\u00e9rations, pour rappeler que la science n&rsquo;est pas l&rsquo;affaire de g\u00e9nies ponctuels, et qu&rsquo;elle ne va nulle part si elle n&rsquo;est pas partag\u00e9e.<\/p>\n\n\n\n<p>Ensuite, j&rsquo;esp\u00e8re pouvoir me reposer un peu, c&rsquo;est \u00e0 dire me remettre \u00e0 \u00e9crire s\u00e9rieusement. D&rsquo;autant plus que plusieurs projets de livres sont en train d&rsquo;\u00e9merger (ou de se finaliser) et que \u00e7a va me demander un peu de temps et d&rsquo;\u00e9nergie. Je vous en reparlerai quand ce sera m\u00fbr, mais \u00e7a ne devrait pas tarder.<\/p>\n","protected":false},"excerpt":{"rendered":"<p>Ca fait trois semaines que je n&rsquo;ai pas racont\u00e9 ma vie ici. Il faut que je me rattrape un peu avant le coup de bourre du mois d&rsquo;octobre. Paris Sciences 2023 Ce mois-ci d\u00e9marre le festival Paris Sciences, dont je vous ai d\u00e9j\u00e0 parl\u00e9 il y a quelques jours. Je figure dans le jury Cin\u00e9ma&hellip;&nbsp;<a href=\"https:\/\/gechter.org\/blog\/?p=911\" class=\"\" rel=\"bookmark\">Lire la suite &raquo;<span class=\"screen-reader-text\">Dans les jours \u00e0 venir<\/span><\/a><\/p>\n","protected":false},"author":1,"featured_media":888,"comment_status":"open","ping_status":"open","sticky":false,"template":"","format":"standard","meta":{"neve_meta_sidebar":"","neve_meta_container":"","neve_meta_enable_content_width":"","neve_meta_content_width":0,"neve_meta_title_alignment":"","neve_meta_author_avatar":"","neve_post_elements_order":"","neve_meta_disable_header":"","neve_meta_disable_footer":"","neve_meta_disable_title":"","jetpack_post_was_ever_published":false,"_jetpack_newsletter_access":"","_jetpack_dont_email_post_to_subs":false,"_jetpack_newsletter_tier_id":0,"_jetpack_memberships_contains_paywalled_content":false,"_jetpack_memberships_contains_paid_content":false,"footnotes":"","jetpack_publicize_message":"","jetpack_publicize_feature_enabled":true,"jetpack_social_post_already_shared":true,"jetpack_social_options":{"image_generator_settings":{"template":"highway","default_image_id":0,"font":"","enabled":false},"version":2}},"categories":[13,36,20],"tags":[],"class_list":["post-911","post","type-post","status-publish","format-standard","has-post-thumbnail","hentry","category-dedicaces","category-mon-actu","category-rencontres-et-conferences"],"jetpack_publicize_connections":[],"jetpack_featured_media_url":"https:\/\/i0.wp.com\/gechter.org\/blog\/wp-content\/uploads\/2023\/09\/Capture-decran-2023-09-30-a-11.26.55.png?fit=1572%2C734&ssl=1","jetpack_sharing_enabled":true,"_links":{"self":[{"href":"https:\/\/gechter.org\/blog\/index.php?rest_route=\/wp\/v2\/posts\/911","targetHints":{"allow":["GET"]}}],"collection":[{"href":"https:\/\/gechter.org\/blog\/index.php?rest_route=\/wp\/v2\/posts"}],"about":[{"href":"https:\/\/gechter.org\/blog\/index.php?rest_route=\/wp\/v2\/types\/post"}],"author":[{"embeddable":true,"href":"https:\/\/gechter.org\/blog\/index.php?rest_route=\/wp\/v2\/users\/1"}],"replies":[{"embeddable":true,"href":"https:\/\/gechter.org\/blog\/index.php?rest_route=%2Fwp%2Fv2%2Fcomments&post=911"}],"version-history":[{"count":1,"href":"https:\/\/gechter.org\/blog\/index.php?rest_route=\/wp\/v2\/posts\/911\/revisions"}],"predecessor-version":[{"id":913,"href":"https:\/\/gechter.org\/blog\/index.php?rest_route=\/wp\/v2\/posts\/911\/revisions\/913"}],"wp:featuredmedia":[{"embeddable":true,"href":"https:\/\/gechter.org\/blog\/index.php?rest_route=\/wp\/v2\/media\/888"}],"wp:attachment":[{"href":"https:\/\/gechter.org\/blog\/index.php?rest_route=%2Fwp%2Fv2%2Fmedia&parent=911"}],"wp:term":[{"taxonomy":"category","embeddable":true,"href":"https:\/\/gechter.org\/blog\/index.php?rest_route=%2Fwp%2Fv2%2Fcategories&post=911"},{"taxonomy":"post_tag","embeddable":true,"href":"https:\/\/gechter.org\/blog\/index.php?rest_route=%2Fwp%2Fv2%2Ftags&post=911"}],"curies":[{"name":"wp","href":"https:\/\/api.w.org\/{rel}","templated":true}]}}