{"id":892,"date":"2023-10-03T09:06:20","date_gmt":"2023-10-03T07:06:20","guid":{"rendered":"https:\/\/gechter.org\/blog\/?p=892"},"modified":"2023-10-03T14:55:48","modified_gmt":"2023-10-03T12:55:48","slug":"la-malediction-des-recherches-documentaires","status":"publish","type":"post","link":"https:\/\/gechter.org\/blog\/?p=892","title":{"rendered":"La mal\u00e9diction des recherches documentaires"},"content":{"rendered":"\n<p class=\"has-nv-light-bg-background-color has-background\"><em>Ce post est paru initialement le 10 mars 2013. C&rsquo;est une rediffusion de l&rsquo;ancien blog, d\u00e9truit en 2020 et que je r\u00e9cup\u00e8re peu \u00e0 peu gr\u00e2ce \u00e0 Archive.org.<\/em><\/p>\n\n\n\n<p>Je suis convaincu qu\u2019un bon auteur doit \u00e9viter d\u2019inventer ce qui existe d\u00e9j\u00e0. Cela explique en partie les heures que je passe \u00e0 faire des recherches sur tous les sujets (le reste de l\u2019explication tient en 5 mots : \u00ab\u00a0je suis s\u00fbrement un geek\u00a0\u00bb).\u00a0<\/p>\n\n\n\n<p>Deux exemples pour un roman en cours d\u2019\u00e9criture (NDA : il s&rsquo;agissait du Baron Noir, que j&rsquo;ai fini d&rsquo;\u00e9crire fin 2013, si je me souviens bien).\u00a0<\/p>\n\n\n\n<p><strong>La taille de Berlioz<\/strong>.<br>Pour une nouvelle, j\u2019ai eu besoin de faire entrer Berlioz dans une salle de concert. La sc\u00e8ne \u00e9tait d\u00e9crite du point de vue d\u2019un t\u00e9moin provincial d\u00e9couvrant le compositeur pour la premi\u00e8re fois.<br>Et l\u00e0, bien s\u00fbr, je coince. Si le visage de Berlioz est assez connu \u00e0 tout \u00e2ge, tant son portrait a \u00e9t\u00e9 tir\u00e9, peint ou caricatur\u00e9, comment le qualifier vu de loin ?<br>\u00ab&nbsp;Un homme de grande taille&nbsp;\u00bb ? \u00ab&nbsp;De petite taille&nbsp;\u00bb ? \u00ab&nbsp;De taille moyenne&nbsp;\u00bb ?<br>Il est impensable pour moi de me contenter d\u2019un choix arbitraire, en pariant sur le manque de culture de son lectorat. Premi\u00e8rement parce qu\u2019il s\u2019agit d\u2019une imposture intellectuelle, deuxi\u00e8mement parce que cela risque d\u2019introduire des connaissances erron\u00e9es dans le cr\u00e2ne de gens qui ne m\u2019 ont rien fait, troisi\u00e8mement parce qu\u2019il se trouve toujours un lecteur plus savant que les autres qui viendra un jour ou l\u2019autre me mettre le nez dans mon caca.<\/p>\n\n\n\n<p>Je me suis donc mis en qu\u00eate d\u2019une estimation de la taille d\u2019Hector Berlioz. Ce ne fut pas une mince affaire, le mot \u00ab\u00a0taille\u00a0\u00bb \u00e9tant associ\u00e9 \u00e0 celui du compositeur de toutes les fa\u00e7ons possibles. Apr\u00e8s deux heures \u00e0 lire des sites plus ou moins int\u00e9ressants dont aucun ne me livrait l\u2019information recherch\u00e9e (par contre on m\u2019a propos\u00e9 une fois ou deux d\u2019\u00e9largir mon p\u00e9nis), je trouvai enfin un site de fans qui pr\u00e9sentait une copie du passeport du jeune Hector \u00e0 20 ans ! Youpi, je sus enfin qu\u2019il mesurait exactement 1m63.<br>Bien s\u00fbr, une valeur absolue est une information tr\u00e8s int\u00e9ressante, mais elle est insuffisante quand on recherche en fait une valeur relative. Berlioz n\u2019\u00e9tait pas grand, c\u2019\u00e9tait s\u00fbr. Mais \u00e9tait-il petit ou moyen pour l\u2019\u00e9poque ? Sachant que la taille moyenne des fran\u00e7ais avait diminu\u00e9e pendant la R\u00e9volution et l\u2019Empire, rien n\u2019\u00e9tait s\u00fbr.\u00a0<\/p>\n\n\n\n<figure class=\"wp-block-image size-large\"><img data-recalc-dims=\"1\" loading=\"lazy\" decoding=\"async\" width=\"941\" height=\"1024\" src=\"https:\/\/i0.wp.com\/gechter.org\/blog\/wp-content\/uploads\/2023\/10\/Berlioz_dapres_Pierre_Petit.png?resize=941%2C1024&#038;ssl=1\" alt=\"\" class=\"wp-image-894\" srcset=\"https:\/\/i0.wp.com\/gechter.org\/blog\/wp-content\/uploads\/2023\/10\/Berlioz_dapres_Pierre_Petit.png?resize=941%2C1024&amp;ssl=1 941w, https:\/\/i0.wp.com\/gechter.org\/blog\/wp-content\/uploads\/2023\/10\/Berlioz_dapres_Pierre_Petit.png?resize=276%2C300&amp;ssl=1 276w, https:\/\/i0.wp.com\/gechter.org\/blog\/wp-content\/uploads\/2023\/10\/Berlioz_dapres_Pierre_Petit.png?resize=768%2C836&amp;ssl=1 768w, https:\/\/i0.wp.com\/gechter.org\/blog\/wp-content\/uploads\/2023\/10\/Berlioz_dapres_Pierre_Petit.png?w=1024&amp;ssl=1 1024w\" sizes=\"auto, (max-width: 941px) 100vw, 941px\" \/><figcaption class=\"wp-element-caption\"><em>Berlioz en 1863, d&rsquo;apr\u00e8s Pierre Petit (ce qui ne suffisait pas pour affirmer que Berlioz l&rsquo;\u00e9tait, petit).<\/em><\/figcaption><\/figure>\n\n\n\n<p>Google est mon ami. Je me mis cette fois en qu\u00eate de donn\u00e9es statistiques de taille. Je trouvai au bout de quelques minutes des tableaux d\u00e9crivant la taille des conscrits de Saint Cyr, de 1800 \u00e0 1900, ce qui me permis de constater que, par rapport \u00e0 la classe 1864, Berlioz mesurait 10 cm de moins. J\u2019en conclus que pour un t\u00e9moin de la bourgeoisie parisienne, le compositeur devait \u00eatre plut\u00f4t petit.<br>J\u2019\u00e9tais soulag\u00e9. Je pouvais enfin \u00e9crire \u00ab&nbsp;un homme de petite taille fendit la foule&nbsp;\u00bb.<br>Quatre heures de travail pour \u00e7a\u2026 apr\u00e8s on s\u2019\u00e9tonne que je sois lent.&nbsp;<\/p>\n\n\n\n<p><strong>La fascinante histoire de l\u2019\u00e9clairage urbain.<\/strong><br>Plus r\u00e9cemment, pour le m\u00eame livre, je me posais une question innocente sur l\u2019\u00e9clairage de l\u2019Op\u00e9ra Le Pelletier. Y\u2019avait-il des chandelles, des lampes \u00e0 huiles, de lampes \u00e0 gaz dans ce b\u00e2timent en 1864 ? La rue \u00e9tait-elle \u00e9clair\u00e9e ? D\u2019ailleurs, quelle rue ? La rue Le Pelletier longeait bien la fa\u00e7ade principale de l\u2019ancien op\u00e9ra, mais quelles \u00e9taient les rues qui l\u2019entouraient ? Le b\u00e2timent ayant \u00e9t\u00e9 ras\u00e9 en 1873 et les rues redistribu\u00e9es, la question n\u2019\u00e9tait pas sans int\u00e9r\u00eat (si, je vous jure).<\/p>\n\n\n\n<p><br>Je commen\u00e7ai par positionner le plan du corps de b\u00e2timent (merci wikip\u00e9dia) sur une carte de paris (merci iOS Map). Ce ne fut pas sans mal, les rues ayant chang\u00e9 de nom ou de trac\u00e9. La rue Pinon est devenue la rue Rossini (du nom d\u2019un c\u00e9l\u00e8bre tournedos), la rue Chauchat a \u00e9t\u00e9 allong\u00e9e, et le trac\u00e9 de la rue Grange-Bateli\u00e8re a \u00e9t\u00e9 s\u00e9rieusement raccourci.<br><a href=\"https:\/\/mege-paris.fr\/2021\/02\/19\/histoire-de-leclairage-public-a-paris\/\" data-type=\"link\" data-id=\"https:\/\/mege-paris.fr\/2021\/02\/19\/histoire-de-leclairage-public-a-paris\/\">Ensuite, je me renseignai sur l\u2019\u00e9clairage.<\/a><br>Je savais d\u00e9j\u00e0 que Sartine, le ministre de Louis XV, avait fait installer des lampes \u00e0 huile \u00e0 travers toute la ville pour r\u00e9duire la criminalit\u00e9. Il avait suffit de les moderniser, ce qui avait \u00e9t\u00e9 fait \u00e0 la suite de Bruxelles, premi\u00e8re ville enti\u00e8rement \u00e9clair\u00e9e au gaz (pr\u00e8s de 2000 ans apr\u00e8s le premier \u00e9clairage au gaz en Chine, soit dit en passant).<\/p>\n\n\n\n<figure class=\"wp-block-image size-full\"><img data-recalc-dims=\"1\" loading=\"lazy\" decoding=\"async\" width=\"450\" height=\"600\" src=\"https:\/\/i0.wp.com\/gechter.org\/blog\/wp-content\/uploads\/2023\/10\/Lanterne-a-huile-4.jpg?resize=450%2C600&#038;ssl=1\" alt=\"\" class=\"wp-image-895\" srcset=\"https:\/\/i0.wp.com\/gechter.org\/blog\/wp-content\/uploads\/2023\/10\/Lanterne-a-huile-4.jpg?w=450&amp;ssl=1 450w, https:\/\/i0.wp.com\/gechter.org\/blog\/wp-content\/uploads\/2023\/10\/Lanterne-a-huile-4.jpg?resize=225%2C300&amp;ssl=1 225w\" sizes=\"auto, (max-width: 450px) 100vw, 450px\" \/><figcaption class=\"wp-element-caption\"><em>Lanterne \u00e0 huile Parisienne.<\/em><\/figcaption><\/figure>\n\n\n\n<p>J\u2019en vins \u00e0 v\u00e9rifier \u00e0 quoi ressemblait les lampes \u00e0 gaz. Je les avais imagin\u00e9es comme des globes de verre blanc pendus au plafond. J\u2019avais raison pour le verre (m\u00eame si les premi\u00e8res lampes \u00e9taient plut\u00f4t tubulaires), mais pas pour la position. Jusqu\u2019en 1880, les lampes \u00e0 gaz ne pouvaient pas pendre, la pression du gaz d\u00e9livr\u00e9e \u00e0 Paris \u00e9tant trop faible. En 1864, elles \u00e9taient donc dress\u00e9es comme des bougies.<\/p>\n\n\n\n<figure class=\"wp-block-image size-full\"><img data-recalc-dims=\"1\" loading=\"lazy\" decoding=\"async\" width=\"385\" height=\"540\" src=\"https:\/\/i0.wp.com\/gechter.org\/blog\/wp-content\/uploads\/2023\/10\/marville-opera_V2.jpg?resize=385%2C540&#038;ssl=1\" alt=\"\" class=\"wp-image-896\" srcset=\"https:\/\/i0.wp.com\/gechter.org\/blog\/wp-content\/uploads\/2023\/10\/marville-opera_V2.jpg?w=385&amp;ssl=1 385w, https:\/\/i0.wp.com\/gechter.org\/blog\/wp-content\/uploads\/2023\/10\/marville-opera_V2.jpg?resize=214%2C300&amp;ssl=1 214w\" sizes=\"auto, (max-width: 385px) 100vw, 385px\" \/><\/figure>\n\n\n\n<p>Il \u00e9tait aussi int\u00e9ressant de savoir que le br\u00fbleur des lampes de l\u2019\u00e9clairage public donnait une flamme en forme de large \u00e9ventail (ou en corole) pour augmenter la luminosit\u00e9 et que les manchons des lampes \u00e0 gaz qu\u2019on peut encore aujourd\u2019hui emporter en camping (et qui donnent une lumi\u00e8re tr\u00e8s blanche quand le gaz enflamm\u00e9 les chauffe), n\u2019existaient pas encore. Si on cassait le globe, la flamme br\u00fblait directement dans l\u2019air, ce qui expliquait peut-\u00eatre en parti le nombre d\u2019incendies accidentels de l\u2019\u00e9poque (accidents qui rendirent l\u2019\u00e9clairage \u00e9lectrique obligatoire dans les th\u00e9\u00e2tres \u00e0 partir des ann\u00e9es 1880 et des poussi\u00e8res).\u00a0<\/p>\n\n\n\n<p>Finalement, la journ\u00e9e y \u00e9tait pass\u00e9e. Pour pas grand chose puisque je ne vais probablement modifier qu\u2019un ou deux adjectifs par-ci par-l\u00e0 pour d\u00e9crire l\u2019\u00e9clairage dansant des flammes de gaz \u00e0 basse pression et leur effet sur les ombres.<br>Et \u00e7a me permettra peut \u00eatre de ramener ma science un jour (j\u2019ai cependant un l\u00e9ger doute \u00e0 ce sujet).<\/p>\n\n\n\n<p>J\u2019ai aussi lu plusieurs documents techniques d\u2019\u00e9poque sur les armes \u00e0 feu du XIXe. Je vous passe les d\u00e9tails, parce que ces heures de lectures n\u2019auront servi qu\u2019indirectement \u00e0 m\u2019inspirer une id\u00e9e de machine infernale.&nbsp;<\/p>\n\n\n\n<p>Bref, si vous ne voulez pas devenir maniaques, geeks ou fous, n\u2019\u00e9crivez jamais, ni fiction ni rien de plus qu\u2019un message \u00e0 base de chatons sur Insta.<br>C\u2019est un conseil d\u2019ami.<\/p>\n\n\n\n<p class=\"has-nv-light-bg-background-color has-background\">Pour ceux qui serait int\u00e9ress\u00e9, je vous recommande le site <a href=\"https:\/\/mege-paris.fr\/2021\/02\/19\/histoire-de-leclairage-public-a-paris\/\" target=\"_blank\" rel=\"noreferrer noopener\">M\u00e9moire de l&rsquo;\u00e9lectricit\u00e9, du gaz et de l&rsquo;\u00e9clairage public,<\/a> qui pr\u00e9sente l&rsquo;histoire du gaz de ville et de l&rsquo;arriv\u00e9e de l&rsquo;\u00e9lectricit\u00e9, par le biais de l&rsquo;\u00e9clairage urbain. Le site est bourr\u00e9 de photos d&rsquo;archive, c&rsquo;est tr\u00e8s int\u00e9ressant.<\/p>\n\n\n\n<p><\/p>\n","protected":false},"excerpt":{"rendered":"<p>Ce post est paru initialement le 10 mars 2013. C&rsquo;est une rediffusion de l&rsquo;ancien blog, d\u00e9truit en 2020 et que je r\u00e9cup\u00e8re peu \u00e0 peu gr\u00e2ce \u00e0 Archive.org. Je suis convaincu qu\u2019un bon auteur doit \u00e9viter d\u2019inventer ce qui existe d\u00e9j\u00e0. Cela explique en partie les heures que je passe \u00e0 faire des recherches sur&hellip;&nbsp;<a href=\"https:\/\/gechter.org\/blog\/?p=892\" class=\"\" rel=\"bookmark\">Lire la suite &raquo;<span class=\"screen-reader-text\">La mal\u00e9diction des recherches documentaires<\/span><\/a><\/p>\n","protected":false},"author":1,"featured_media":894,"comment_status":"open","ping_status":"open","sticky":false,"template":"","format":"standard","meta":{"neve_meta_sidebar":"","neve_meta_container":"","neve_meta_enable_content_width":"","neve_meta_content_width":0,"neve_meta_title_alignment":"","neve_meta_author_avatar":"","neve_post_elements_order":"","neve_meta_disable_header":"","neve_meta_disable_footer":"","neve_meta_disable_title":"","jetpack_post_was_ever_published":false,"_jetpack_newsletter_access":"","_jetpack_dont_email_post_to_subs":false,"_jetpack_newsletter_tier_id":0,"_jetpack_memberships_contains_paywalled_content":false,"_jetpack_memberships_contains_paid_content":false,"footnotes":"","jetpack_publicize_message":"","jetpack_publicize_feature_enabled":true,"jetpack_social_post_already_shared":true,"jetpack_social_options":{"image_generator_settings":{"template":"highway","default_image_id":0,"font":"","enabled":false},"version":2}},"categories":[32,33],"tags":[37],"class_list":["post-892","post","type-post","status-publish","format-standard","has-post-thumbnail","hentry","category-documentation","category-humeur","tag-rediff"],"jetpack_publicize_connections":[],"jetpack_featured_media_url":"https:\/\/i0.wp.com\/gechter.org\/blog\/wp-content\/uploads\/2023\/10\/Berlioz_dapres_Pierre_Petit.png?fit=1024%2C1114&ssl=1","jetpack_sharing_enabled":true,"_links":{"self":[{"href":"https:\/\/gechter.org\/blog\/index.php?rest_route=\/wp\/v2\/posts\/892","targetHints":{"allow":["GET"]}}],"collection":[{"href":"https:\/\/gechter.org\/blog\/index.php?rest_route=\/wp\/v2\/posts"}],"about":[{"href":"https:\/\/gechter.org\/blog\/index.php?rest_route=\/wp\/v2\/types\/post"}],"author":[{"embeddable":true,"href":"https:\/\/gechter.org\/blog\/index.php?rest_route=\/wp\/v2\/users\/1"}],"replies":[{"embeddable":true,"href":"https:\/\/gechter.org\/blog\/index.php?rest_route=%2Fwp%2Fv2%2Fcomments&post=892"}],"version-history":[{"count":2,"href":"https:\/\/gechter.org\/blog\/index.php?rest_route=\/wp\/v2\/posts\/892\/revisions"}],"predecessor-version":[{"id":897,"href":"https:\/\/gechter.org\/blog\/index.php?rest_route=\/wp\/v2\/posts\/892\/revisions\/897"}],"wp:featuredmedia":[{"embeddable":true,"href":"https:\/\/gechter.org\/blog\/index.php?rest_route=\/wp\/v2\/media\/894"}],"wp:attachment":[{"href":"https:\/\/gechter.org\/blog\/index.php?rest_route=%2Fwp%2Fv2%2Fmedia&parent=892"}],"wp:term":[{"taxonomy":"category","embeddable":true,"href":"https:\/\/gechter.org\/blog\/index.php?rest_route=%2Fwp%2Fv2%2Fcategories&post=892"},{"taxonomy":"post_tag","embeddable":true,"href":"https:\/\/gechter.org\/blog\/index.php?rest_route=%2Fwp%2Fv2%2Ftags&post=892"}],"curies":[{"name":"wp","href":"https:\/\/api.w.org\/{rel}","templated":true}]}}