{"id":887,"date":"2023-09-30T11:59:20","date_gmt":"2023-09-30T09:59:20","guid":{"rendered":"https:\/\/gechter.org\/blog\/?p=887"},"modified":"2023-09-30T11:59:23","modified_gmt":"2023-09-30T09:59:23","slug":"lautomne-des-festivals","status":"publish","type":"post","link":"https:\/\/gechter.org\/blog\/?p=887","title":{"rendered":"L&rsquo;automne des festivals"},"content":{"rendered":"\n<p>Cet automne, je suis invit\u00e9 \u00e0 deux festivals : les Utopiales de Nantes, o\u00f9 vous je participerai \u00e0 des tables rondes (plus d&rsquo;informations \u00e0 la sortie du programme officiel) et Paris Sciences, o\u00f9 je figure dans le jury \u00ab\u00a0Grand \u00e9cran\u00a0\u00bb.<\/p>\n\n\n\n<h2 class=\"wp-block-heading\">Paris Sciences : du 26 au 30 octobre<\/h2>\n\n\n\n<div class=\"wp-block-media-text is-stacked-on-mobile\" style=\"grid-template-columns:49% auto\"><figure class=\"wp-block-media-text__media\"><img data-recalc-dims=\"1\" loading=\"lazy\" decoding=\"async\" width=\"1024\" height=\"683\" src=\"https:\/\/i0.wp.com\/gechter.org\/blog\/wp-content\/uploads\/2023\/09\/PARISCIENCE_27_10-27-2-2048x1366-1.jpg?resize=1024%2C683&#038;ssl=1\" alt=\"\" class=\"wp-image-889 size-full\" srcset=\"https:\/\/i0.wp.com\/gechter.org\/blog\/wp-content\/uploads\/2023\/09\/PARISCIENCE_27_10-27-2-2048x1366-1.jpg?resize=1024%2C683&amp;ssl=1 1024w, https:\/\/i0.wp.com\/gechter.org\/blog\/wp-content\/uploads\/2023\/09\/PARISCIENCE_27_10-27-2-2048x1366-1.jpg?resize=300%2C200&amp;ssl=1 300w, https:\/\/i0.wp.com\/gechter.org\/blog\/wp-content\/uploads\/2023\/09\/PARISCIENCE_27_10-27-2-2048x1366-1.jpg?resize=768%2C512&amp;ssl=1 768w, https:\/\/i0.wp.com\/gechter.org\/blog\/wp-content\/uploads\/2023\/09\/PARISCIENCE_27_10-27-2-2048x1366-1.jpg?resize=1536%2C1025&amp;ssl=1 1536w, https:\/\/i0.wp.com\/gechter.org\/blog\/wp-content\/uploads\/2023\/09\/PARISCIENCE_27_10-27-2-2048x1366-1.jpg?resize=930%2C620&amp;ssl=1 930w, https:\/\/i0.wp.com\/gechter.org\/blog\/wp-content\/uploads\/2023\/09\/PARISCIENCE_27_10-27-2-2048x1366-1.jpg?w=2048&amp;ssl=1 2048w\" sizes=\"auto, (max-width: 1024px) 100vw, 1024px\" \/><\/figure><div class=\"wp-block-media-text__content\">\n<p>Le festival du documentaire scientifique, organis\u00e9 par l&rsquo;association Science et T\u00e9l\u00e9vision se tient tous les ans au Jardin des Plantes de Paris. C&rsquo;est l&rsquo;occasion de d\u00e9couvrir des dizaines de reportage, courts, moyens ou longs m\u00e9trages sur tous les sujets, d&rsquo;assister \u00e0 des tables rondes et des d\u00e9bats sur des sujets de soci\u00e9t\u00e9, etc.<\/p>\n\n\n\n<p>Il est pr\u00e9c\u00e9d\u00e9 par un festival scolaire du 11 \u00e0 16 octobre. <\/p>\n<\/div><\/div>\n\n\n\n<p><a href=\"https:\/\/pariscience.fr\/actualite\/decouvrez-la-programmation-complete-de-pariscience-2023\/\">N&rsquo;h\u00e9sitez pas \u00e0 aller jeter un \u0153il au programme<\/a>, m\u00eame si vous n&rsquo;\u00eates pas parisien : certains documentaires seront accessibles en ligne ! <\/p>\n\n\n\n<p>De mon c\u00f4t\u00e9, je serai donc jury de la <a href=\"https:\/\/pariscience.fr\/programme\/public\/?public_theme=&amp;public_categoriepublic=competition-grand-ecran&amp;public_typeseance=&amp;seance_keywords=\">cat\u00e9gorie Grand \u00c9cran<\/a>, \u00e0 savoir les documentaires projet\u00e9s en salle. Il y a beaucoup d&rsquo;autres prix, et en fouillant, vous d\u00e9couvrirez m\u00eame un speeddating le 9 juillet entre auteurs, r\u00e9alisateurs et scientifiques (sur r\u00e9sa, et d\u00e9sol\u00e9, pour cette ann\u00e9e c&rsquo;est un poil tard. Mais pensez-y pour la prochaine fois).<\/p>\n\n\n\n<h2 class=\"wp-block-heading\">Utopiales 2023 : du 1 au 5 novembre<\/h2>\n\n\n\n<div class=\"wp-block-media-text is-stacked-on-mobile\" style=\"grid-template-columns:62% auto\"><figure class=\"wp-block-media-text__media\"><a href=\"https:\/\/www.utopiales.org\"><img data-recalc-dims=\"1\" loading=\"lazy\" decoding=\"async\" width=\"1024\" height=\"478\" src=\"https:\/\/i0.wp.com\/gechter.org\/blog\/wp-content\/uploads\/2023\/09\/Capture-decran-2023-09-30-a-11.26.55.png?resize=1024%2C478&#038;ssl=1\" alt=\"\" class=\"wp-image-888 size-full\" srcset=\"https:\/\/i0.wp.com\/gechter.org\/blog\/wp-content\/uploads\/2023\/09\/Capture-decran-2023-09-30-a-11.26.55.png?resize=1024%2C478&amp;ssl=1 1024w, https:\/\/i0.wp.com\/gechter.org\/blog\/wp-content\/uploads\/2023\/09\/Capture-decran-2023-09-30-a-11.26.55.png?resize=300%2C140&amp;ssl=1 300w, https:\/\/i0.wp.com\/gechter.org\/blog\/wp-content\/uploads\/2023\/09\/Capture-decran-2023-09-30-a-11.26.55.png?resize=768%2C359&amp;ssl=1 768w, https:\/\/i0.wp.com\/gechter.org\/blog\/wp-content\/uploads\/2023\/09\/Capture-decran-2023-09-30-a-11.26.55.png?resize=1536%2C717&amp;ssl=1 1536w, https:\/\/i0.wp.com\/gechter.org\/blog\/wp-content\/uploads\/2023\/09\/Capture-decran-2023-09-30-a-11.26.55.png?w=1572&amp;ssl=1 1572w\" sizes=\"auto, (max-width: 1024px) 100vw, 1024px\" \/><\/a><\/figure><div class=\"wp-block-media-text__content\">\n<p>Cette ann\u00e9e, l&rsquo;affiche a \u00e9t\u00e9 confi\u00e9e \u00e0 Elen Usdin. Une merveille chatoyante qui tranche avec les affiches des \u00e9ditions pr\u00e9c\u00e9dentes.<\/p>\n\n\n\n<p>Une exposition (<a href=\"https:\/\/www.utopiales.org\/les-expositions-des-utopiales-2023-sont-en-ligne\/\" data-type=\"link\" data-id=\"https:\/\/www.utopiales.org\/les-expositions-des-utopiales-2023-sont-en-ligne\/\">parmi les 9 programm\u00e9es<\/a>) vous permettra de d\u00e9couvrir les \u0153uvres de l&rsquo;artiste.<\/p>\n<\/div><\/div>\n\n\n\n<p>J&rsquo;y serai probablement les 5 jours. En tout cas, j&rsquo;ai pos\u00e9 des cong\u00e9s en ce sens. Plus d&rsquo;infos tr\u00e8s prochainement !<\/p>\n","protected":false},"excerpt":{"rendered":"<p>Cet automne, je suis invit\u00e9 \u00e0 deux festivals : les Utopiales de Nantes, o\u00f9 vous je participerai \u00e0 des tables rondes (plus d&rsquo;informations \u00e0 la sortie du programme officiel) et Paris Sciences, o\u00f9 je figure dans le jury \u00ab\u00a0Grand \u00e9cran\u00a0\u00bb. Paris Sciences : du 26 au 30 octobre Le festival du documentaire scientifique, organis\u00e9 par&hellip;&nbsp;<a href=\"https:\/\/gechter.org\/blog\/?p=887\" class=\"\" rel=\"bookmark\">Lire la suite &raquo;<span class=\"screen-reader-text\">L&rsquo;automne des festivals<\/span><\/a><\/p>\n","protected":false},"author":1,"featured_media":889,"comment_status":"open","ping_status":"open","sticky":false,"template":"","format":"standard","meta":{"neve_meta_sidebar":"","neve_meta_container":"","neve_meta_enable_content_width":"","neve_meta_content_width":0,"neve_meta_title_alignment":"","neve_meta_author_avatar":"","neve_post_elements_order":"","neve_meta_disable_header":"","neve_meta_disable_footer":"","neve_meta_disable_title":"","jetpack_post_was_ever_published":false,"_jetpack_newsletter_access":"","_jetpack_dont_email_post_to_subs":false,"_jetpack_newsletter_tier_id":0,"_jetpack_memberships_contains_paywalled_content":false,"_jetpack_memberships_contains_paid_content":false,"footnotes":"","jetpack_publicize_message":"","jetpack_publicize_feature_enabled":true,"jetpack_social_post_already_shared":true,"jetpack_social_options":{"image_generator_settings":{"template":"highway","default_image_id":0,"font":"","enabled":false},"version":2}},"categories":[13,36,20],"tags":[],"class_list":["post-887","post","type-post","status-publish","format-standard","has-post-thumbnail","hentry","category-dedicaces","category-mon-actu","category-rencontres-et-conferences"],"jetpack_publicize_connections":[],"jetpack_featured_media_url":"https:\/\/i0.wp.com\/gechter.org\/blog\/wp-content\/uploads\/2023\/09\/PARISCIENCE_27_10-27-2-2048x1366-1.jpg?fit=2048%2C1366&ssl=1","jetpack_sharing_enabled":true,"_links":{"self":[{"href":"https:\/\/gechter.org\/blog\/index.php?rest_route=\/wp\/v2\/posts\/887","targetHints":{"allow":["GET"]}}],"collection":[{"href":"https:\/\/gechter.org\/blog\/index.php?rest_route=\/wp\/v2\/posts"}],"about":[{"href":"https:\/\/gechter.org\/blog\/index.php?rest_route=\/wp\/v2\/types\/post"}],"author":[{"embeddable":true,"href":"https:\/\/gechter.org\/blog\/index.php?rest_route=\/wp\/v2\/users\/1"}],"replies":[{"embeddable":true,"href":"https:\/\/gechter.org\/blog\/index.php?rest_route=%2Fwp%2Fv2%2Fcomments&post=887"}],"version-history":[{"count":1,"href":"https:\/\/gechter.org\/blog\/index.php?rest_route=\/wp\/v2\/posts\/887\/revisions"}],"predecessor-version":[{"id":890,"href":"https:\/\/gechter.org\/blog\/index.php?rest_route=\/wp\/v2\/posts\/887\/revisions\/890"}],"wp:featuredmedia":[{"embeddable":true,"href":"https:\/\/gechter.org\/blog\/index.php?rest_route=\/wp\/v2\/media\/889"}],"wp:attachment":[{"href":"https:\/\/gechter.org\/blog\/index.php?rest_route=%2Fwp%2Fv2%2Fmedia&parent=887"}],"wp:term":[{"taxonomy":"category","embeddable":true,"href":"https:\/\/gechter.org\/blog\/index.php?rest_route=%2Fwp%2Fv2%2Fcategories&post=887"},{"taxonomy":"post_tag","embeddable":true,"href":"https:\/\/gechter.org\/blog\/index.php?rest_route=%2Fwp%2Fv2%2Ftags&post=887"}],"curies":[{"name":"wp","href":"https:\/\/api.w.org\/{rel}","templated":true}]}}