{"id":672,"date":"2023-08-11T09:00:00","date_gmt":"2023-08-11T07:00:00","guid":{"rendered":"https:\/\/gechter.org\/blog\/?p=672"},"modified":"2024-09-12T08:12:35","modified_gmt":"2024-09-12T06:12:35","slug":"critique-de-requiem-en-catastrophe-majeure-sur-rsf-blog","status":"publish","type":"post","link":"https:\/\/gechter.org\/blog\/?p=672","title":{"rendered":"Critique de Requiem en catastrophe majeure sur RSF Blog"},"content":{"rendered":"\n<p>\u00c7a fait toujours chaud au c\u0153ur quand un public \u00e9rudit et exigeant \u00e9crit quelque part que ce que vous avez fait, c\u2019est bien. Et justement, je d\u00e9couvre (avec un peu de retard, li\u00e9 \u00e0 mon manque d\u2019int\u00e9r\u00eat pour les r\u00e9seaux sociaux, mais je lutte, je lutte) que Karine Lhisbei a publi\u00e9 une chouette critique de <a href=\"https:\/\/gechter.org\/blog\/?p=223\">Requiem en Catastrophe Majeure<\/a> sur RSF Blog :<\/p>\n\n\n\n<figure class=\"wp-block-embed is-type-wp-embed is-provider-rsf-blog wp-block-embed-rsf-blog\"><div class=\"wp-block-embed__wrapper\">\n<blockquote class=\"wp-embedded-content\" data-secret=\"wqtAiqMP27\"><a href=\"https:\/\/rsfblog.fr\/2023\/06\/30\/requiem-en-catastrophe-majeure-olivier-gechter\/\">Requiem en catastrophe majeure &#8211; Olivier Gechter<\/a><\/blockquote><iframe loading=\"lazy\" class=\"wp-embedded-content\" sandbox=\"allow-scripts\" security=\"restricted\" style=\"position: absolute; clip: rect(1px, 1px, 1px, 1px);\" title=\"\u00ab\u00a0Requiem en catastrophe majeure &#8211; Olivier Gechter\u00a0\u00bb &#8212; RSF Blog\" src=\"https:\/\/rsfblog.fr\/2023\/06\/30\/requiem-en-catastrophe-majeure-olivier-gechter\/embed\/#?secret=pm9GPAP6NI#?secret=wqtAiqMP27\" data-secret=\"wqtAiqMP27\" width=\"600\" height=\"338\" frameborder=\"0\" marginwidth=\"0\" marginheight=\"0\" scrolling=\"no\"><\/iframe>\n<\/div><\/figure>\n\n\n\n<p>Je ne vous cache pas que \u00e7a donne chaud au c\u0153ur, apr\u00e8s le bilan des ventes que j&rsquo;ai entrevu en mai dernier. Echec commercial, \u00e7a pique, mais succ\u00e8s d&rsquo;estime, c&rsquo;est toujours bon \u00e0 prendre. <\/p>\n\n\n\n<p>Si vous voulez vous procurer<em> Requiem en Catastrophe Majeur,<\/em> je vous recommande de vous le procurer en <a href=\"https:\/\/www.7switch.com\/fr\/ebook\/9782354089825\/requiem-en-catastrophe-majeure\">num\u00e9rique<\/a> ou <a href=\"https:\/\/mnemos.com\/livre\/requiem-en-catastrophe-majeure\/\">directement aupr\u00e8s des \u00e9ditions Mn\u00e9mos<\/a>. Vous pouvez aussi <a href=\"https:\/\/gechter.org\/blog\/?page_id=7\">me contacter <\/a>si vous souhaitez offrir un exemplaire d\u00e9dicac\u00e9. J&rsquo;ai du stock et je finance une partie des frais de port. Evidemment, <a href=\"https:\/\/www.fnac.com\/SearchResult\/ResultList.aspx?Search=requiem+en+catastrophe+majeure&amp;sft=1&amp;sa=hist\">il reste des romans disponibles \u00e0 la FNAC sur commande<\/a>. Par contre, plus d&rsquo;exemplaires papiers sur Amazon. <\/p>\n\n\n\n<p>Sinon, vous pouvez aider <em>Requiem en catastrophe majeure<\/em> \u00e0 se rattraper en en parlant autour de vous et en faisant suivre les liens du paragraphe ci-dessus. Vous pouvez aussi me rendre visite lors d&rsquo;une prochaine rencontre (les Utopiales, o\u00f9 je serai \u00e0 nouveau cette ann\u00e9e, Timeworld Paris en novembre et quelques rencontres parisiennes \u00e0 venir, dont je vous parlerai ici).<\/p>\n\n\n\n<hr class=\"wp-block-separator has-alpha-channel-opacity\"\/>\n\n\n\n<p>PS : pour en savoir plus sur ce roman, <a href=\"https:\/\/gechter.org\/blog\/?p=223\">cliquez ici.<\/a><\/p>\n","protected":false},"excerpt":{"rendered":"<p>\u00c7a fait toujours chaud au c\u0153ur quand un public \u00e9rudit et exigeant \u00e9crit quelque part que ce que vous avez fait, c\u2019est bien. Et justement, je d\u00e9couvre (avec un peu de retard, li\u00e9 \u00e0 mon manque d\u2019int\u00e9r\u00eat pour les r\u00e9seaux sociaux, mais je lutte, je lutte) que Karine Lhisbei a publi\u00e9 une chouette critique de&hellip;&nbsp;<a href=\"https:\/\/gechter.org\/blog\/?p=672\" class=\"\" rel=\"bookmark\">Lire la suite &raquo;<span class=\"screen-reader-text\">Critique de Requiem en catastrophe majeure sur RSF Blog<\/span><\/a><\/p>\n","protected":false},"author":1,"featured_media":230,"comment_status":"open","ping_status":"open","sticky":false,"template":"","format":"standard","meta":{"neve_meta_sidebar":"","neve_meta_container":"","neve_meta_enable_content_width":"","neve_meta_content_width":0,"neve_meta_title_alignment":"","neve_meta_author_avatar":"","neve_post_elements_order":"","neve_meta_disable_header":"","neve_meta_disable_footer":"","neve_meta_disable_title":"","jetpack_post_was_ever_published":false,"_jetpack_newsletter_access":"","_jetpack_dont_email_post_to_subs":false,"_jetpack_newsletter_tier_id":0,"_jetpack_memberships_contains_paywalled_content":false,"_jetpack_memberships_contains_paid_content":false,"footnotes":"","jetpack_publicize_message":"","jetpack_publicize_feature_enabled":true,"jetpack_social_post_already_shared":true,"jetpack_social_options":{"image_generator_settings":{"template":"highway","default_image_id":0,"font":"","enabled":false},"version":2}},"categories":[25],"tags":[28,26,27],"class_list":["post-672","post","type-post","status-publish","format-standard","has-post-thumbnail","hentry","category-critiques","tag-evariste","tag-requiem","tag-roman"],"jetpack_publicize_connections":[],"jetpack_featured_media_url":"https:\/\/i0.wp.com\/gechter.org\/blog\/wp-content\/uploads\/2023\/01\/Requiem-en-catastrophe-majeure-bandeau.png?fit=1600%2C500&ssl=1","jetpack_sharing_enabled":true,"_links":{"self":[{"href":"https:\/\/gechter.org\/blog\/index.php?rest_route=\/wp\/v2\/posts\/672","targetHints":{"allow":["GET"]}}],"collection":[{"href":"https:\/\/gechter.org\/blog\/index.php?rest_route=\/wp\/v2\/posts"}],"about":[{"href":"https:\/\/gechter.org\/blog\/index.php?rest_route=\/wp\/v2\/types\/post"}],"author":[{"embeddable":true,"href":"https:\/\/gechter.org\/blog\/index.php?rest_route=\/wp\/v2\/users\/1"}],"replies":[{"embeddable":true,"href":"https:\/\/gechter.org\/blog\/index.php?rest_route=%2Fwp%2Fv2%2Fcomments&post=672"}],"version-history":[{"count":7,"href":"https:\/\/gechter.org\/blog\/index.php?rest_route=\/wp\/v2\/posts\/672\/revisions"}],"predecessor-version":[{"id":1363,"href":"https:\/\/gechter.org\/blog\/index.php?rest_route=\/wp\/v2\/posts\/672\/revisions\/1363"}],"wp:featuredmedia":[{"embeddable":true,"href":"https:\/\/gechter.org\/blog\/index.php?rest_route=\/wp\/v2\/media\/230"}],"wp:attachment":[{"href":"https:\/\/gechter.org\/blog\/index.php?rest_route=%2Fwp%2Fv2%2Fmedia&parent=672"}],"wp:term":[{"taxonomy":"category","embeddable":true,"href":"https:\/\/gechter.org\/blog\/index.php?rest_route=%2Fwp%2Fv2%2Fcategories&post=672"},{"taxonomy":"post_tag","embeddable":true,"href":"https:\/\/gechter.org\/blog\/index.php?rest_route=%2Fwp%2Fv2%2Ftags&post=672"}],"curies":[{"name":"wp","href":"https:\/\/api.w.org\/{rel}","templated":true}]}}