{"id":513,"date":"2023-02-09T20:17:00","date_gmt":"2023-02-09T19:17:00","guid":{"rendered":"https:\/\/gechter.org\/blog\/?p=513"},"modified":"2023-02-09T18:43:57","modified_gmt":"2023-02-09T17:43:57","slug":"bientot-sur-votre-plateforme-de-podcast-preferee","status":"publish","type":"post","link":"https:\/\/gechter.org\/blog\/?p=513","title":{"rendered":"Bient\u00f4t, sur votre plateforme de podcast pr\u00e9f\u00e9r\u00e9e&#8230;"},"content":{"rendered":"\n<p>Connaissez-vous <em>la Soci\u00e9t\u00e9 de Vieilles T\u00eates avec de Longs Chapeaux <\/em>? Non ? C&rsquo;est un tort !<\/p>\n\n\n\n<p>Il s&rsquo;agit d&rsquo;un Podcast de fictions sonores, dirig\u00e9 par <a rel=\"noreferrer noopener\" href=\"http:\/\/www.gfoveau.com\/\" target=\"_blank\">Georges Foveau<\/a> et <a rel=\"noreferrer noopener\" href=\"https:\/\/www.nootilus.com\/auteur\/\" target=\"_blank\">Vincent Corlaix<\/a>, et qui compte aujourd&rsquo;hui&#8230; heu&#8230; un certain nombre d&rsquo;\u00e9pisodes disponibles. Et m\u00eame un nombre certain, comme vous pouvez en jugez <a rel=\"noreferrer noopener\" href=\"https:\/\/podcasts.google.com\/feed\/aHR0cHM6Ly9mZWVkcy5wb2RjYXN0aWNzLmNvbS9wb2RjYXN0aWNzL3BvZGNhc3RzL3Jzcy8xMzQwX2IxY2I3YzI5NDNmZjkzZWYxMjkxZDYyMzkzYjMyOWI0LnJzcw==\" target=\"_blank\">en cliquant ici.<\/a> Ces histoires ne se suivent pas mais elles forment un univers baroque et \u00e9trange, entre steampunk et occultisme. Si vous aimez le genre, ruez-vous dessus.<\/p>\n\n\n\n<p>Le prochain \u00e9pisode, qui sortira le 17 janvier, a \u00e9t\u00e9 enti\u00e8rement \u00e9crit par votre serviteur. L&rsquo;habillage sonore est de Vincent Corlaix, les d\u00e9cors sont de Roger Harth et les costumes de Donald Cardwell*. Il s&rsquo;intitule : <em>Le corps \u00e9tait allong\u00e9<\/em>, avouez que \u00e7a claque.<\/p>\n\n\n\n<p>Vous avez donc une semaine pour \u00e9couter toute la s\u00e9rie en attendant de d\u00e9couvrir ma contribution. Et si vous \u00eates sage, promis, vous aurez droit \u00e0 la version longue de ce texte. Gratuit ! Je suis comme \u00e7a, toujours le coeur sur la main.<\/p>\n\n\n\n<h3 class=\"wp-block-heading\">Pour \u00e9couter :<\/h3>\n\n\n\n<ul class=\"wp-block-list\">\n<li><img decoding=\"async\" src=\"\/auteur\/assets\/images\/rezoz\/podcastics.png\" alt=\"\"> \u2013 <a href=\"https:\/\/bit.ly\/svtlcpod\">Les Vieilles T\u00eates sur PODCASTICS<\/a><\/li>\n\n\n\n<li><img decoding=\"async\" src=\"\/auteur\/assets\/images\/rezoz\/applepodcasts.png\" alt=\"\"> \u2013 <a href=\"https:\/\/podcasts.apple.com\/fr\/podcast\/dark-rooms\/id1537249103\">Les Vieilles T\u00eates sur APPLE\u202fPODCASTS<\/a><\/li>\n\n\n\n<li><img decoding=\"async\" src=\"\/auteur\/assets\/images\/rezoz\/spotify.png\" alt=\"\"> \u2013 <a href=\"https:\/\/open.spotify.com\/show\/5DeLBgVAVEDyKaoruoWPDm\">Les Vieilles T\u00eates sur SPOTIFY<\/a><\/li>\n\n\n\n<li><img decoding=\"async\" src=\"\/auteur\/assets\/images\/rezoz\/deezer.png\" alt=\"\"> \u2013 <a href=\"https:\/\/www.deezer.com\/show\/1893882\">Les Vieilles T\u00eates sur DEEZER<\/a><\/li>\n\n\n\n<li><img decoding=\"async\" src=\"\/auteur\/assets\/images\/rezoz\/googlepodcasts.png\" alt=\"\"> \u2013 <a href=\"https:\/\/www.google.com\/podcasts?feed=aHR0cHM6Ly9mZWVkcy5wb2RjYXN0aWNzLmNvbS9wb2RjYXN0aWNzL3BvZGNhc3RzL3Jzcy8xMzQwX2IxY2I3YzI5NDNmZjkzZWYxMjkxZDYyMzkzYjMyOWI0LnJzcw%3D%3D\">Les Vieilles T\u00eates sur GOOGLE\u202fPODCASTS<\/a><\/li>\n\n\n\n<li><img decoding=\"async\" src=\"\/auteur\/assets\/images\/rezoz\/amazon.png\" alt=\"\"> \u2013 <a href=\"https:\/\/music.amazon.com\/podcasts\/d6c85d1e-504b-421f-8dba-27348121ac45\">Les Vieilles T\u00eates sur AMAZON MUSIC<\/a><\/li>\n<\/ul>\n\n\n\n<hr class=\"wp-block-separator has-alpha-channel-opacity\"\/>\n\n\n\n<p class=\"has-small-font-size\"><em>* Montre que tu es n\u00e9 entre 1966 et 1984 sans le dire&#8230; Pour ceux qui n&rsquo;ont pas la r\u00e9f\u00e9rence, Roger Harth et Donald Cardwell ont collabor\u00e9 dans 480 pi\u00e8ces de th\u00e9\u00e2tres entre ces deux dates. La phrase \u00ab\u00a0<\/em>Les d\u00e9cors sont de Roger Harth et les costumes de Donald Cardwell !<em>\u00a0\u00bb \u00e9tait devenue c\u00e9l\u00e8bre \u00e0 force d&rsquo;\u00eatre r\u00e9p\u00e9t\u00e9e \u00e0 la fin de chaque repr\u00e9sentation (dont bon nombre \u00e9taient retransmises dans l&rsquo;\u00e9mission \u00ab\u00a0au Th\u00e9\u00e2tre ce soir\u00a0\u00bb).<\/em> OUI, JE SUIS VIEUX, C&rsquo;EST BON, OKAY ??<\/p>\n","protected":false},"excerpt":{"rendered":"<p>Le 17 f\u00e9vrier, un de mes textes dans le podcast \u00ab\u00a0La Soci\u00e9t\u00e9 des vieilles t\u00eates avec de longs chapeaux\u00a0\u00bb ! <\/p>\n","protected":false},"author":1,"featured_media":515,"comment_status":"open","ping_status":"open","sticky":false,"template":"","format":"standard","meta":{"neve_meta_sidebar":"","neve_meta_container":"","neve_meta_enable_content_width":"","neve_meta_content_width":0,"neve_meta_title_alignment":"","neve_meta_author_avatar":"","neve_post_elements_order":"[\"content\",\"tags\",\"comments\"]","neve_meta_disable_header":"","neve_meta_disable_footer":"","neve_meta_disable_title":"","jetpack_post_was_ever_published":false,"_jetpack_newsletter_access":"","_jetpack_dont_email_post_to_subs":false,"_jetpack_newsletter_tier_id":0,"_jetpack_memberships_contains_paywalled_content":false,"_jetpack_memberships_contains_paid_content":false,"footnotes":"","jetpack_publicize_message":"","jetpack_publicize_feature_enabled":true,"jetpack_social_post_already_shared":true,"jetpack_social_options":{"image_generator_settings":{"template":"highway","default_image_id":0,"font":"","enabled":false},"version":2}},"categories":[12],"tags":[],"class_list":["post-513","post","type-post","status-publish","format-standard","has-post-thumbnail","hentry","category-podcast"],"jetpack_publicize_connections":[],"jetpack_featured_media_url":"https:\/\/i0.wp.com\/gechter.org\/blog\/wp-content\/uploads\/2023\/02\/svtlc_avatar_noel.jpg?fit=1200%2C1200&ssl=1","jetpack_sharing_enabled":true,"_links":{"self":[{"href":"https:\/\/gechter.org\/blog\/index.php?rest_route=\/wp\/v2\/posts\/513","targetHints":{"allow":["GET"]}}],"collection":[{"href":"https:\/\/gechter.org\/blog\/index.php?rest_route=\/wp\/v2\/posts"}],"about":[{"href":"https:\/\/gechter.org\/blog\/index.php?rest_route=\/wp\/v2\/types\/post"}],"author":[{"embeddable":true,"href":"https:\/\/gechter.org\/blog\/index.php?rest_route=\/wp\/v2\/users\/1"}],"replies":[{"embeddable":true,"href":"https:\/\/gechter.org\/blog\/index.php?rest_route=%2Fwp%2Fv2%2Fcomments&post=513"}],"version-history":[{"count":3,"href":"https:\/\/gechter.org\/blog\/index.php?rest_route=\/wp\/v2\/posts\/513\/revisions"}],"predecessor-version":[{"id":517,"href":"https:\/\/gechter.org\/blog\/index.php?rest_route=\/wp\/v2\/posts\/513\/revisions\/517"}],"wp:featuredmedia":[{"embeddable":true,"href":"https:\/\/gechter.org\/blog\/index.php?rest_route=\/wp\/v2\/media\/515"}],"wp:attachment":[{"href":"https:\/\/gechter.org\/blog\/index.php?rest_route=%2Fwp%2Fv2%2Fmedia&parent=513"}],"wp:term":[{"taxonomy":"category","embeddable":true,"href":"https:\/\/gechter.org\/blog\/index.php?rest_route=%2Fwp%2Fv2%2Fcategories&post=513"},{"taxonomy":"post_tag","embeddable":true,"href":"https:\/\/gechter.org\/blog\/index.php?rest_route=%2Fwp%2Fv2%2Ftags&post=513"}],"curies":[{"name":"wp","href":"https:\/\/api.w.org\/{rel}","templated":true}]}}