{"id":1722,"date":"2025-01-12T12:15:37","date_gmt":"2025-01-12T11:15:37","guid":{"rendered":"https:\/\/gechter.org\/blog\/?p=1722"},"modified":"2025-01-12T12:15:40","modified_gmt":"2025-01-12T11:15:40","slug":"rappels-conference-des-arts-et-metiers-et-concours-galaxy-pop","status":"publish","type":"post","link":"https:\/\/gechter.org\/blog\/?p=1722","title":{"rendered":"Rappels : conf\u00e9rence des Arts et M\u00e9tiers et concours Galaxy Pop"},"content":{"rendered":"\n<h2 class=\"wp-block-heading\">Conf\u00e9rence gratuite aux mus\u00e9es des Arts et M\u00e9tiers le 17\/01 \u00e0 19h.<\/h2>\n\n\n\n<p>Il ne vous reste que quelques jours pour r\u00e9server vos places \u00e0 la conf\u00e9rence du 17 janvier, \u00e0 19h, qui se tiendra dans l&rsquo;amphith\u00e9\u00e2tre de l&rsquo;Abb\u00e9 Gr\u00e9goire du Mus\u00e9e des Arts et M\u00e9tiers. <\/p>\n\n\n\n<p>La conf\u00e9rence est gratuite, mais il faut malgr\u00e9 tout <a href=\"https:\/\/www.arts-et-metiers.net\/musee\/la-grande-cuisine-cosmique\">r\u00e9server sa place sur le site du mus\u00e9e<\/a>. Je compte sur vous pour venir nombreux\u2026 je n&rsquo;aimerais pas me retrouver tout seul !<\/p>\n\n\n\n<h2 class=\"wp-block-heading\">Le concours GalaxyPop !<\/h2>\n\n\n\n<p>Suite \u00e0 mon interview par Dany, dans le cadre de l&rsquo;\u00e9mission La Voix des Livres, GalaxyPop et les \u00e9ditions G\u00e9phyre proposent un concours pour gagner deux livres !<\/p>\n\n\n\n<p>Vous pouvez \u00e9couter la question ici : <a href=\"https:\/\/galaxiepopnouveautes.lepodcast.fr\/question-concours-gephyre-tirage-au-sort-20-janvier\">https:\/\/galaxiepopnouveautes.lepodcast.fr\/question-concours-gephyre-tirage-au-sort-20-janvier<\/a>. Vous devrez trouver un titre de livre, que je site dans l&rsquo;\u00e9mission et envoyer la r\u00e9ponse \u00e0 Dany !<\/p>\n\n\n\n<p>Et l&rsquo;\u00e9mission l\u00e0 : <a href=\"https:\/\/lesvoixdeslivres.lepodcast.fr\/la-grande-cuisine-cosmique-avec-olivier-gechter\">https:\/\/lesvoixdeslivres.lepodcast.fr\/la-grande-cuisine-cosmique-avec-olivier-gechter<\/a><\/p>\n\n\n\n<p><\/p>\n","protected":false},"excerpt":{"rendered":"<p>Conf\u00e9rence gratuite aux mus\u00e9es des Arts et M\u00e9tiers le 17\/01 \u00e0 19h. Il ne vous reste que quelques jours pour r\u00e9server vos places \u00e0 la conf\u00e9rence du 17 janvier, \u00e0 19h, qui se tiendra dans l&rsquo;amphith\u00e9\u00e2tre de l&rsquo;Abb\u00e9 Gr\u00e9goire du Mus\u00e9e des Arts et M\u00e9tiers. La conf\u00e9rence est gratuite, mais il faut malgr\u00e9 tout r\u00e9server&hellip;&nbsp;<a href=\"https:\/\/gechter.org\/blog\/?p=1722\" class=\"\" rel=\"bookmark\">Lire la suite &raquo;<span class=\"screen-reader-text\">Rappels : conf\u00e9rence des Arts et M\u00e9tiers et concours Galaxy Pop<\/span><\/a><\/p>\n","protected":false},"author":1,"featured_media":1682,"comment_status":"open","ping_status":"open","sticky":false,"template":"","format":"standard","meta":{"neve_meta_sidebar":"","neve_meta_container":"","neve_meta_enable_content_width":"","neve_meta_content_width":0,"neve_meta_title_alignment":"","neve_meta_author_avatar":"","neve_post_elements_order":"[\"content\",\"tags\",\"comments\"]","neve_meta_disable_header":"","neve_meta_disable_footer":"","neve_meta_disable_title":"","jetpack_post_was_ever_published":false,"_jetpack_newsletter_access":"","_jetpack_dont_email_post_to_subs":false,"_jetpack_newsletter_tier_id":0,"_jetpack_memberships_contains_paywalled_content":false,"_jetpack_memberships_contains_paid_content":false,"footnotes":"","jetpack_publicize_message":"","jetpack_publicize_feature_enabled":true,"jetpack_social_post_already_shared":false,"jetpack_social_options":{"image_generator_settings":{"template":"highway","enabled":false},"version":2}},"categories":[1],"tags":[],"class_list":["post-1722","post","type-post","status-publish","format-standard","has-post-thumbnail","hentry","category-non-classe"],"jetpack_publicize_connections":[],"jetpack_featured_media_url":"https:\/\/i0.wp.com\/gechter.org\/blog\/wp-content\/uploads\/2024\/12\/Musee-des-arts-et-metiers-300x205-1.jpg?fit=300%2C205&ssl=1","jetpack_sharing_enabled":true,"_links":{"self":[{"href":"https:\/\/gechter.org\/blog\/index.php?rest_route=\/wp\/v2\/posts\/1722","targetHints":{"allow":["GET"]}}],"collection":[{"href":"https:\/\/gechter.org\/blog\/index.php?rest_route=\/wp\/v2\/posts"}],"about":[{"href":"https:\/\/gechter.org\/blog\/index.php?rest_route=\/wp\/v2\/types\/post"}],"author":[{"embeddable":true,"href":"https:\/\/gechter.org\/blog\/index.php?rest_route=\/wp\/v2\/users\/1"}],"replies":[{"embeddable":true,"href":"https:\/\/gechter.org\/blog\/index.php?rest_route=%2Fwp%2Fv2%2Fcomments&post=1722"}],"version-history":[{"count":1,"href":"https:\/\/gechter.org\/blog\/index.php?rest_route=\/wp\/v2\/posts\/1722\/revisions"}],"predecessor-version":[{"id":1723,"href":"https:\/\/gechter.org\/blog\/index.php?rest_route=\/wp\/v2\/posts\/1722\/revisions\/1723"}],"wp:featuredmedia":[{"embeddable":true,"href":"https:\/\/gechter.org\/blog\/index.php?rest_route=\/wp\/v2\/media\/1682"}],"wp:attachment":[{"href":"https:\/\/gechter.org\/blog\/index.php?rest_route=%2Fwp%2Fv2%2Fmedia&parent=1722"}],"wp:term":[{"taxonomy":"category","embeddable":true,"href":"https:\/\/gechter.org\/blog\/index.php?rest_route=%2Fwp%2Fv2%2Fcategories&post=1722"},{"taxonomy":"post_tag","embeddable":true,"href":"https:\/\/gechter.org\/blog\/index.php?rest_route=%2Fwp%2Fv2%2Ftags&post=1722"}],"curies":[{"name":"wp","href":"https:\/\/api.w.org\/{rel}","templated":true}]}}