{"id":1658,"date":"2024-12-03T22:40:40","date_gmt":"2024-12-03T21:40:40","guid":{"rendered":"https:\/\/gechter.org\/blog\/?p=1658"},"modified":"2024-12-04T09:54:36","modified_gmt":"2024-12-04T08:54:36","slug":"les-verbes-defectifs-rigolos-et-un-peu-dactu-en-encart","status":"publish","type":"post","link":"https:\/\/gechter.org\/blog\/?p=1658","title":{"rendered":"Les verbes d\u00e9fectifs rigolos (et un peu d&rsquo;actu en encart)"},"content":{"rendered":"\n<div class=\"wp-block-columns is-layout-flex wp-container-core-columns-is-layout-9d6595d7 wp-block-columns-is-layout-flex\">\n<div class=\"wp-block-column is-layout-flow wp-block-column-is-layout-flow\" style=\"flex-basis:66.66%\">\n<p>Connaissez-vous les verbes d\u00e9fectifs&nbsp;? Il s&rsquo;agit de ces verbes qui ne disposent pas de conjugaisons \u00e0 tous les temps et \u00e0 tous les modes. Dans certains cas, \u00e7a s&rsquo;explique tr\u00e8s bien&nbsp;: les verbes concernant la m\u00e9t\u00e9orologie sont impersonnels par nature. On ne les conjugue qu&rsquo;\u00e0 la troisi\u00e8me personne du singulier et p&rsquo;is c&rsquo;est tout. D&rsquo;autres verbes, comme \u00ab\u00a0m\u00e9faire\u00a0\u00bb ne s&rsquo;utilisent qu&rsquo;\u00e0 l&rsquo;infinitif, surtout parce qu&rsquo;ils ont \u00e9t\u00e9 oubli\u00e9s dans toutes les autres formes.<\/p>\n\n\n\n<p>Pour d&rsquo;autres, on peut se poser des questions et il est facile de leur imaginer des conjugaisons l\u00e0 o\u00f9 il n&rsquo;y en a pas. Mais si on s&rsquo;y essaye, on se rend rapidement compte que \u00e7a sonne mal. Essay\u00e9 de trouver le pass\u00e9 simple de \u00ab\u00a0pa\u00eetre\u00a0\u00bb ou \u00ab\u00a0traire\u00a0\u00bb par exemple.<\/p>\n<\/div>\n\n\n\n<div class=\"wp-block-column is-layout-flow wp-block-column-is-layout-flow\" style=\"flex-basis:50%\">\n<p class=\"has-border-color has-background\" style=\"border-color:var(--nv-secondary-accent);border-width:6px;border-radius:30px;background-color:#b3c8f1\"><strong><em><mark style=\"background-color:rgba(0, 0, 0, 0)\" class=\"has-inline-color has-neve-link-hover-color-color\">Un soir au mus\u00e9e<\/mark><\/em><\/strong><br>Vous vous souvenez peut-\u00eatre que j&rsquo;\u00e9tais cens\u00e9 donner une conf\u00e9rence du soir au Mus\u00e9e des Arts et M\u00e9tiers en novembre, dans le cadre des rencontres de Sciences pour Tous. Ne vous inqui\u00e9tez pas, vous n&rsquo;avez rien rat\u00e9 : la date a \u00e9t\u00e9 repouss\u00e9e au <strong>17 janvier 2025<\/strong>. Je vous en reparlerai quand \u00e7a se pr\u00e9cisera. <\/p>\n<\/div>\n<\/div>\n\n\n\n<figure class=\"wp-block-image size-full has-custom-border\"><img data-recalc-dims=\"1\" loading=\"lazy\" decoding=\"async\" width=\"892\" height=\"530\" src=\"https:\/\/i0.wp.com\/gechter.org\/blog\/wp-content\/uploads\/2024\/12\/defectif.png?resize=892%2C530&#038;ssl=1\" alt=\"\" class=\"has-border-color has-nv-dark-bg-border-color wp-image-1668\" srcset=\"https:\/\/i0.wp.com\/gechter.org\/blog\/wp-content\/uploads\/2024\/12\/defectif.png?w=892&amp;ssl=1 892w, https:\/\/i0.wp.com\/gechter.org\/blog\/wp-content\/uploads\/2024\/12\/defectif.png?resize=300%2C178&amp;ssl=1 300w, https:\/\/i0.wp.com\/gechter.org\/blog\/wp-content\/uploads\/2024\/12\/defectif.png?resize=768%2C456&amp;ssl=1 768w\" sizes=\"auto, (max-width: 892px) 100vw, 892px\" \/><figcaption class=\"wp-element-caption\"><em>D\u00e9finition de l&rsquo;adjectif D\u00e9fectif, dans le dictionnaire de l&rsquo;Acad\u00e9mie Fran\u00e7aise.<\/em><\/figcaption><\/figure>\n\n\n\n<p>Des verbes d\u00e9fectifs, il y a en une bonne centaine. Je ne vais pas vous en faire la liste, <a href=\"https:\/\/fr.wiktionary.org\/wiki\/Cat\u00e9gorie:Verbes_d\u00e9fectifs_en_fran\u00e7ais\">allez plut\u00f4t consulter celle du Wiktionnaire<\/a>. Par contre, en parcourant la liste, vous devriez tomber sur quelques verbes tr\u00e8s tr\u00e8s rares, et je pense que \u00e7a vaut le coup que je vous en pr\u00e9sente quelques-uns que j&rsquo;ai moi-m\u00eame d\u00e9couverts \u00e0 cette occasion&nbsp;(avec l&rsquo;aide du dictionnaire <a href=\"http:\/\/stella.atilf.fr\/Dendien\/scripts\/tlfiv5\/showp.exe?60;s=3208664490;p=combi.htm\">Tr\u00e9sors de la Langue Fran\u00e7aise en ligne<\/a> et le <a href=\"https:\/\/www.dictionnaire-academie.fr\/\">dictionnaire de l&rsquo;Acad\u00e9mie Fran\u00e7aise<\/a>) :<\/p>\n\n\n\n<p>Apparoir : appara\u00eetre de mani\u00e8re \u00e9vidente. \u00ab\u00a0Il appert que votre entreprise conna\u00eet des difficult\u00e9s\u00a0\u00bb. Le verbe est plus utilis\u00e9 par les po\u00e8tes : <\/p>\n\n\n\n<blockquote class=\"wp-block-quote is-layout-flow wp-block-quote-is-layout-flow\">\n<p class=\"has-text-align-center has-nv-light-bg-background-color has-background\">Au-dessus d&rsquo;une ville aux toits comme apais\u00e9s,<br>Aux fen\u00eatres d&rsquo;o\u00f9 la vie&nbsp;<strong>appert<\/strong>, calme et s\u00fbre, &#8230;<br>VERLAINE,&nbsp;<em>\u0152uvres posthumes,&nbsp;<\/em>t. 1, Varia, 1896, p. 102.<\/p>\n<\/blockquote>\n\n\n\n<p>Ester : Intenter une action en justice. Exemple : \u00ab\u00a0Ester en justice\u00a0\u00bb. Ce verbe n&rsquo;existe qu&rsquo;\u00e0 l&rsquo;infinitif.<br>\u00c0 ne pas confondre avec le compos\u00e9 chimique du m\u00eame nom.<\/p>\n\n\n\n<p>F\u00e9rir : Vous connaissez tous l&rsquo;expression \u00ab\u00a0sans coup f\u00e9rir\u00a0\u00bb, mais que veut dire \u00ab\u00a0f\u00e9rir\u00a0\u00bb en fait ? Rater&nbsp;? Non, il voulait dire \u00ab\u00a0frapper\u00a0\u00bb, comme dans <em>Son \u0153il est clair et son bras prompt \u00e0 f\u00e9rir<\/em>&nbsp;(MOR\u00c9AS,&nbsp;<em>P\u00e8lerin pass.,&nbsp;<\/em>1891, p. 49). C&rsquo;est aussi pour \u00e7a qu&rsquo;on dit aussi \u00ab\u00a0f\u00e9ru de quelque chose\u00a0\u00bb pour \u00ab\u00a0passionn\u00e9 de quelque chose\u00a0\u00bb. Donc \u00ab\u00a0sans coup f\u00e9rir\u00a0\u00bb voulait dire : sans avoir besoin de frapper.<\/p>\n\n\n\n<p>Intrure : d&rsquo;apr\u00e8s la premi\u00e8re \u00e9dition du dictionnaire de l&rsquo;Acad\u00e9mie Fran\u00e7aise, il s&rsquo;agit d&rsquo;un verbe inusit\u00e9 (l&rsquo;\u00e9dition date de 1694), qui signifie \u00ab\u00a0qui s&rsquo;introduit en force\u00a0\u00bb. Il a donn\u00e9 le substantif intrus\/intruse qu&rsquo;on utilise aujourd&rsquo;hui. La huiti\u00e8me \u00e9dition du dictionnaire de l&rsquo;Acad\u00e9mie (1935) pr\u00e9cise que le verbe n&rsquo;est plus utilis\u00e9 qu&rsquo;au pass\u00e9 simple. Il a disparu de l&rsquo;\u00e9dition en vigueur (la neuvi\u00e8me). <\/p>\n\n\n\n<p>Raire : Crier, pour un animal. S&rsquo;\u00e9crivait aussi \u00ab\u00a0r\u00e9er\u00a0\u00bb. Comme traire, il n&rsquo;a pas de pass\u00e9 simple.<\/p>\n\n\n\n<p>Tistre ou tystre : synonyme de tisser, mais retir\u00e9 du dictionnaire de l&rsquo;Acad\u00e9mie de 1935. Il ne s&rsquo;utilisait qu&rsquo;au participe pass\u00e9 : <em>Une vie tissue de chagrins et d\u2019infirmit\u00e9s. Une vie tissue de gloire et de malheurs.<\/em><\/p>\n\n\n\n<p>Voici, voil\u00e0 : Oui, ce sont des verbes d\u00e9fectifs, aussi bizarre que \u00e7a paraisse. Je vous cite <em>in extenso<\/em> une explication tir\u00e9e du Tr\u00e9sor de la Langue Fran\u00e7aise.<\/p>\n\n\n\n<blockquote class=\"wp-block-quote is-layout-flow wp-block-quote-is-layout-flow\">\n<p class=\"has-nv-light-bg-background-color has-background\">Verbe d\u00e9fectif r\u00e9duit \u00e0 la forme unipersonnelle du pr\u00e9s. de l&rsquo;ind. de l&rsquo;aspect inaccompli.<br><em>Voici<\/em>&nbsp;[et&nbsp;<em>voil\u00e0<\/em>&nbsp;forment] (&#8230;) une sorte de verbe sans variation morphologique verbale, impersonnel, unimodal (indicatif) et unitemporel (pr\u00e9sent), qui d\u00e9signe ce qui est positivement dans le moment m\u00eame de la parole. \u00c0 ce titre, il constitue l&rsquo;\u00e9l\u00e9ment temporel du pr\u00e9dicat et est donc bien un verbe&nbsp;de l&rsquo;esp\u00e8ce particuli\u00e8re des verbes qui refusent l&rsquo;incidence \u00e0 un support nominal. Cependant,<em>&nbsp;<\/em>il peut \u00eatre d\u00e9chu en discours de cette fonction de pr\u00e9dicat quand il s&rsquo;agit de faire entrer dans un \u00e9nonc\u00e9 une r\u00e9f\u00e9rence temporelle. Il fonctionne alors comme une sorte de pr\u00e9position (G.&nbsp;MOIGNET&nbsp;ds&nbsp;<em>Trav. Ling. Litt. Strasbourg<\/em>&nbsp;t. 7 n<sup>o<\/sup>&nbsp;1 1969, p. 201).<\/p>\n<\/blockquote>\n\n\n\n<p>Limpide, n&rsquo;est-ce pas ?<\/p>\n\n\n\n<p>\u00c9videmment, la conjugaison des verbes d\u00e9fectifs, c&rsquo;est comme le code d&rsquo;honneur des Pirates. C&rsquo;est plus une sorte de guide&nbsp;g\u00e9n\u00e9ral qu\u00b4un v\u00e9ritable r\u00e8glement. Si vous avez envie d&rsquo;\u00e9crire \u00ab\u00a0cet \u00e9t\u00e9, nous avons beaucoup plus\u00a0\u00bb ou que vous d\u00e9cidez que \u00ab\u00a0elle m&rsquo;absolut\u00a0\u00bb est correct dans un dialogue, c&rsquo;est vous l&rsquo;auteur, ne vous g\u00eanez surtout pas&nbsp;!<\/p>\n\n\n\n<p class=\"has-border-color has-neve-link-hover-color-border-color has-background\" style=\"border-radius:29px;background-color:#9abcfa\"><strong><em><mark style=\"background-color:rgba(0, 0, 0, 0)\" class=\"has-inline-color has-neve-link-hover-color-color\">Un soir au mus\u00e9e<\/mark><\/em><\/strong> (bis)<br>Vous vous souvenez peut-\u00eatre que j&rsquo;\u00e9tais cens\u00e9 donner une conf\u00e9rence du soir au Mus\u00e9e des Arts et M\u00e9tiers en novembre, dans le cadre des rencontres de Sciences pour Tous. Ne vous inqui\u00e9tez pas, vous n&rsquo;avez rien rat\u00e9 : la date a \u00e9t\u00e9 repouss\u00e9e au <strong>17 janvier 2025<\/strong>. Je vous en reparlerai quand \u00e7a se pr\u00e9cisera. <\/p>\n\n\n\n<p><\/p>\n","protected":false},"excerpt":{"rendered":"<p>Un article pour vous parler des verbes d\u00e9fectifs et pour vous inviter \u00e0 ma conf\u00e9rence au mus\u00e9e des arts et m\u00e9tiers, d\u00e9cal\u00e9e le 17 janvier.<\/p>\n","protected":false},"author":1,"featured_media":1668,"comment_status":"open","ping_status":"open","sticky":false,"template":"","format":"standard","meta":{"neve_meta_sidebar":"","neve_meta_container":"","neve_meta_enable_content_width":"","neve_meta_content_width":0,"neve_meta_title_alignment":"","neve_meta_author_avatar":"","neve_post_elements_order":"","neve_meta_disable_header":"","neve_meta_disable_footer":"","neve_meta_disable_title":"","jetpack_post_was_ever_published":false,"_jetpack_newsletter_access":"","_jetpack_dont_email_post_to_subs":false,"_jetpack_newsletter_tier_id":0,"_jetpack_memberships_contains_paywalled_content":false,"_jetpack_memberships_contains_paid_content":false,"footnotes":"","jetpack_publicize_message":"","jetpack_publicize_feature_enabled":true,"jetpack_social_post_already_shared":true,"jetpack_social_options":{"image_generator_settings":{"template":"highway","default_image_id":0,"font":"","enabled":false},"version":2}},"categories":[32],"tags":[43],"class_list":["post-1658","post","type-post","status-publish","format-standard","has-post-thumbnail","hentry","category-documentation","tag-cultureg"],"jetpack_publicize_connections":[],"jetpack_featured_media_url":"https:\/\/i0.wp.com\/gechter.org\/blog\/wp-content\/uploads\/2024\/12\/defectif.png?fit=892%2C530&ssl=1","jetpack_sharing_enabled":true,"_links":{"self":[{"href":"https:\/\/gechter.org\/blog\/index.php?rest_route=\/wp\/v2\/posts\/1658","targetHints":{"allow":["GET"]}}],"collection":[{"href":"https:\/\/gechter.org\/blog\/index.php?rest_route=\/wp\/v2\/posts"}],"about":[{"href":"https:\/\/gechter.org\/blog\/index.php?rest_route=\/wp\/v2\/types\/post"}],"author":[{"embeddable":true,"href":"https:\/\/gechter.org\/blog\/index.php?rest_route=\/wp\/v2\/users\/1"}],"replies":[{"embeddable":true,"href":"https:\/\/gechter.org\/blog\/index.php?rest_route=%2Fwp%2Fv2%2Fcomments&post=1658"}],"version-history":[{"count":5,"href":"https:\/\/gechter.org\/blog\/index.php?rest_route=\/wp\/v2\/posts\/1658\/revisions"}],"predecessor-version":[{"id":1670,"href":"https:\/\/gechter.org\/blog\/index.php?rest_route=\/wp\/v2\/posts\/1658\/revisions\/1670"}],"wp:featuredmedia":[{"embeddable":true,"href":"https:\/\/gechter.org\/blog\/index.php?rest_route=\/wp\/v2\/media\/1668"}],"wp:attachment":[{"href":"https:\/\/gechter.org\/blog\/index.php?rest_route=%2Fwp%2Fv2%2Fmedia&parent=1658"}],"wp:term":[{"taxonomy":"category","embeddable":true,"href":"https:\/\/gechter.org\/blog\/index.php?rest_route=%2Fwp%2Fv2%2Fcategories&post=1658"},{"taxonomy":"post_tag","embeddable":true,"href":"https:\/\/gechter.org\/blog\/index.php?rest_route=%2Fwp%2Fv2%2Ftags&post=1658"}],"curies":[{"name":"wp","href":"https:\/\/api.w.org\/{rel}","templated":true}]}}