{"id":1356,"date":"2024-09-11T23:25:19","date_gmt":"2024-09-11T21:25:19","guid":{"rendered":"https:\/\/gechter.org\/blog\/?p=1356"},"modified":"2024-09-12T08:09:24","modified_gmt":"2024-09-12T06:09:24","slug":"un-peu-dactu-et-de-promo","status":"publish","type":"post","link":"https:\/\/gechter.org\/blog\/?p=1356","title":{"rendered":"Un peu d&rsquo;actu (et de promo)"},"content":{"rendered":"\n<p>Hier soir (le 10 septembre 2024), j&rsquo;ai eu le plaisir de parler de mon dernier livre, la Grande Cuisine Cosmique, sur la cha\u00eene Ideas in Science. Il parait que je me tripote trop les oreilles et le menton quand je parle (mais j&rsquo;\u00e9tais un peu nerveux, vous comprenez), mais sinon c&rsquo;\u00e9tait tr\u00e8s sympa.<\/p>\n\n\n\n<p>Il s&rsquo;agit de la premi\u00e8re promotion de mon livre, pratiquement son lancement. Vous pouvez acc\u00e9der au replay sur le lien vid\u00e9o :<\/p>\n\n\n\n<figure class=\"wp-block-embed is-type-video is-provider-youtube wp-block-embed-youtube wp-embed-aspect-4-3 wp-has-aspect-ratio\"><div class=\"wp-block-embed__wrapper\">\n<div class=\"nv-iframe-embed\"><iframe loading=\"lazy\" title=\"LA GRANDE CUISINE COSMIQUE | OLIVIER GECHTER\" width=\"1200\" height=\"900\" src=\"https:\/\/www.youtube.com\/embed\/VAVNy2KKn3E?feature=oembed\" frameborder=\"0\" allow=\"accelerometer; autoplay; clipboard-write; encrypted-media; gyroscope; picture-in-picture; web-share\" referrerpolicy=\"strict-origin-when-cross-origin\" allowfullscreen><\/iframe><\/div>\n<\/div><\/figure>\n\n\n\n<p>Si Ideas in Science m&rsquo;offre ma premi\u00e8re vitrine, ce ne sera pas la derni\u00e8re cet automne. En effet, je vous pr\u00e9pare une pr\u00e9sentation de mon livre le 26 octobre \u00e0 15h, \u00e0 la librairie Eyrolles, 55 boulevard Saint Germain, dans le cinqui\u00e8me arrondissement de Paris. Si vous venez, vous aurez droit \u00e0 une heure d&rsquo;\u00e9change sur l&rsquo;espace, ponctu\u00e9e par des distributions de sucreries, promis. <\/p>\n\n\n\n<figure class=\"wp-block-image size-large is-resized\"><img data-recalc-dims=\"1\" loading=\"lazy\" decoding=\"async\" width=\"1024\" height=\"825\" src=\"https:\/\/i0.wp.com\/gechter.org\/blog\/wp-content\/uploads\/2024\/09\/Capture-decran-2024-09-11-a-22.33.25.png?resize=1024%2C825&#038;ssl=1\" alt=\"\" class=\"wp-image-1359\" style=\"width:587px;height:auto\" srcset=\"https:\/\/i0.wp.com\/gechter.org\/blog\/wp-content\/uploads\/2024\/09\/Capture-decran-2024-09-11-a-22.33.25.png?resize=1024%2C825&amp;ssl=1 1024w, https:\/\/i0.wp.com\/gechter.org\/blog\/wp-content\/uploads\/2024\/09\/Capture-decran-2024-09-11-a-22.33.25.png?resize=300%2C242&amp;ssl=1 300w, https:\/\/i0.wp.com\/gechter.org\/blog\/wp-content\/uploads\/2024\/09\/Capture-decran-2024-09-11-a-22.33.25.png?resize=768%2C619&amp;ssl=1 768w, https:\/\/i0.wp.com\/gechter.org\/blog\/wp-content\/uploads\/2024\/09\/Capture-decran-2024-09-11-a-22.33.25.png?resize=1536%2C1238&amp;ssl=1 1536w, https:\/\/i0.wp.com\/gechter.org\/blog\/wp-content\/uploads\/2024\/09\/Capture-decran-2024-09-11-a-22.33.25.png?w=1680&amp;ssl=1 1680w\" sizes=\"auto, (max-width: 1024px) 100vw, 1024px\" \/><\/figure>\n\n\n\n<p>Je participerai \u00e9galement au <a href=\"https:\/\/www.festival-version-originale.fr\">festival de cin\u00e9ma de Gujan-Mestras le 9 novembre<\/a>, pr\u00e8s d&rsquo;Arcachon, o\u00f9 je pr\u00e9senterai le film Universal Theory, un thriller de science-fiction sorti cette ann\u00e9e. En marge du festival, je signerai quelques livres \u00e0 la librairie de Gujan-Mestras. Plus d\u2019infos \u00e0 venir. <\/p>\n\n\n\n<p>Enfin, le 15 novembre au soir, je ferai une petite conf\u00e9rence sur la formation des grandes structures de l&rsquo;univers au Mus\u00e9e des Arts et M\u00e9tier, \u00e0 Paris (conf\u00e9rence illustr\u00e9e avec un maximum de m\u00e9taphores culinaires comme il se doit). <\/p>\n\n\n\n<p>Il y a aussi des pourparlers ouverts pour des participations \u00e0 des \u00e9missions de radio et dans des podcasts, mais je vous en parlerai quand tout \u00e7a se sera concr\u00e9tis\u00e9 !<\/p>\n\n\n\n<p>Je suis ravi de pouvoir partager ces moments avec vous et je ne vais pas vous cacher mon impatience de pouvoir vous en dire plus. Restez \u00e0 l&rsquo;\u00e9coute sur mon blog et sur les r\u00e9seaux sociaux (Bluesky, Threads, Instagram ou Linkedin) ! \u00c0 tr\u00e8s bient\u00f4t !<br \/><\/p>\n\n\n\n<p><\/p>\n","protected":false},"excerpt":{"rendered":"<p>Hier soir (le 10 septembre 2024), j&rsquo;ai eu le plaisir de parler de mon dernier livre, la Grande Cuisine Cosmique, sur la cha\u00eene Ideas in Science. Il parait que je me tripote trop les oreilles et le menton quand je parle (mais j&rsquo;\u00e9tais un peu nerveux, vous comprenez), mais sinon c&rsquo;\u00e9tait tr\u00e8s sympa. Il s&rsquo;agit&hellip;&nbsp;<a href=\"https:\/\/gechter.org\/blog\/?p=1356\" class=\"\" rel=\"bookmark\">Lire la suite &raquo;<span class=\"screen-reader-text\">Un peu d&rsquo;actu (et de promo)<\/span><\/a><\/p>\n","protected":false},"author":1,"featured_media":1196,"comment_status":"open","ping_status":"open","sticky":true,"template":"","format":"standard","meta":{"neve_meta_sidebar":"","neve_meta_container":"","neve_meta_enable_content_width":"","neve_meta_content_width":0,"neve_meta_title_alignment":"","neve_meta_author_avatar":"","neve_post_elements_order":"","neve_meta_disable_header":"","neve_meta_disable_footer":"","neve_meta_disable_title":"","jetpack_post_was_ever_published":false,"_jetpack_newsletter_access":"","_jetpack_dont_email_post_to_subs":false,"_jetpack_newsletter_tier_id":0,"_jetpack_memberships_contains_paywalled_content":false,"_jetpack_memberships_contains_paid_content":false,"footnotes":"","jetpack_publicize_message":"","jetpack_publicize_feature_enabled":true,"jetpack_social_post_already_shared":true,"jetpack_social_options":{"image_generator_settings":{"template":"highway","default_image_id":0,"font":"","enabled":false},"version":2}},"categories":[13,11,36,20],"tags":[42],"class_list":["post-1356","post","type-post","status-publish","format-standard","has-post-thumbnail","hentry","category-dedicaces","category-interview","category-mon-actu","category-rencontres-et-conferences","tag-promo"],"jetpack_publicize_connections":[],"jetpack_featured_media_url":"https:\/\/i0.wp.com\/gechter.org\/blog\/wp-content\/uploads\/2024\/07\/couv-avec-sous-titres-2-scaled.jpg?fit=1813%2C2560&ssl=1","jetpack_sharing_enabled":true,"_links":{"self":[{"href":"https:\/\/gechter.org\/blog\/index.php?rest_route=\/wp\/v2\/posts\/1356","targetHints":{"allow":["GET"]}}],"collection":[{"href":"https:\/\/gechter.org\/blog\/index.php?rest_route=\/wp\/v2\/posts"}],"about":[{"href":"https:\/\/gechter.org\/blog\/index.php?rest_route=\/wp\/v2\/types\/post"}],"author":[{"embeddable":true,"href":"https:\/\/gechter.org\/blog\/index.php?rest_route=\/wp\/v2\/users\/1"}],"replies":[{"embeddable":true,"href":"https:\/\/gechter.org\/blog\/index.php?rest_route=%2Fwp%2Fv2%2Fcomments&post=1356"}],"version-history":[{"count":4,"href":"https:\/\/gechter.org\/blog\/index.php?rest_route=\/wp\/v2\/posts\/1356\/revisions"}],"predecessor-version":[{"id":1362,"href":"https:\/\/gechter.org\/blog\/index.php?rest_route=\/wp\/v2\/posts\/1356\/revisions\/1362"}],"wp:featuredmedia":[{"embeddable":true,"href":"https:\/\/gechter.org\/blog\/index.php?rest_route=\/wp\/v2\/media\/1196"}],"wp:attachment":[{"href":"https:\/\/gechter.org\/blog\/index.php?rest_route=%2Fwp%2Fv2%2Fmedia&parent=1356"}],"wp:term":[{"taxonomy":"category","embeddable":true,"href":"https:\/\/gechter.org\/blog\/index.php?rest_route=%2Fwp%2Fv2%2Fcategories&post=1356"},{"taxonomy":"post_tag","embeddable":true,"href":"https:\/\/gechter.org\/blog\/index.php?rest_route=%2Fwp%2Fv2%2Ftags&post=1356"}],"curies":[{"name":"wp","href":"https:\/\/api.w.org\/{rel}","templated":true}]}}